{"id":84,"date":"2012-07-31T00:34:01","date_gmt":"2012-07-31T00:34:01","guid":{"rendered":"http:\/\/www.encontrailhadogovernador.com.br\/noticias\/?p=84"},"modified":"2013-08-15T16:08:49","modified_gmt":"2013-08-15T16:08:49","slug":"entulho-e-lixo-sao-despejados-na-ilha-do-governador","status":"publish","type":"post","link":"https:\/\/www.encontrailhadogovernador.com.br\/noticias\/entulho-e-lixo-sao-despejados-na-ilha-do-governador\/","title":{"rendered":"Entulho e lixo s\u00e3o despejados na Ilha do Governador"},"content":{"rendered":"<p>Lixo e entulho s\u00e3o despejados diariamente da Rua do Magist\u00e9rio, na Praia do Rosa, Ilha do Governador. Moradores do entorno afirmam que o problema \u00e9 constante na via. Na tarde desta segunda-feira, a reportagem do <em>GLOBO-Ilha<\/em> flagrou o momento em que um morador descartava livremente lixo na montanha de res\u00edduos.<\/p>\n<p><em>Fonte: Jornal Extra<\/em><\/p>\n","protected":false},"excerpt":{"rendered":"<p>Lixo e entulho s\u00e3o despejados diariamente da Rua do Magist\u00e9rio, na Praia do Rosa, Ilha do Governador. Moradores do entorno afirmam que o problema \u00e9 constante na via. Na tarde desta segunda-feira, a reportagem do GLOBO-Ilha flagrou o momento em que um morador descartava livremente lixo na montanha de res\u00edduos. Fonte: Jornal Extra<\/p>\n","protected":false},"author":1,"featured_media":0,"comment_status":"open","ping_status":"open","sticky":false,"template":"","format":"standard","meta":{"footnotes":""},"categories":[6],"tags":[],"class_list":["post-84","post","type-post","status-publish","format-standard","hentry","category-noticias"],"_links":{"self":[{"href":"https:\/\/www.encontrailhadogovernador.com.br\/noticias\/wp-json\/wp\/v2\/posts\/84","targetHints":{"allow":["GET"]}}],"collection":[{"href":"https:\/\/www.encontrailhadogovernador.com.br\/noticias\/wp-json\/wp\/v2\/posts"}],"about":[{"href":"https:\/\/www.encontrailhadogovernador.com.br\/noticias\/wp-json\/wp\/v2\/types\/post"}],"author":[{"embeddable":true,"href":"https:\/\/www.encontrailhadogovernador.com.br\/noticias\/wp-json\/wp\/v2\/users\/1"}],"replies":[{"embeddable":true,"href":"https:\/\/www.encontrailhadogovernador.com.br\/noticias\/wp-json\/wp\/v2\/comments?post=84"}],"version-history":[{"count":4,"href":"https:\/\/www.encontrailhadogovernador.com.br\/noticias\/wp-json\/wp\/v2\/posts\/84\/revisions"}],"predecessor-version":[{"id":86,"href":"https:\/\/www.encontrailhadogovernador.com.br\/noticias\/wp-json\/wp\/v2\/posts\/84\/revisions\/86"}],"wp:attachment":[{"href":"https:\/\/www.encontrailhadogovernador.com.br\/noticias\/wp-json\/wp\/v2\/media?parent=84"}],"wp:term":[{"taxonomy":"category","embeddable":true,"href":"https:\/\/www.encontrailhadogovernador.com.br\/noticias\/wp-json\/wp\/v2\/categories?post=84"},{"taxonomy":"post_tag","embeddable":true,"href":"https:\/\/www.encontrailhadogovernador.com.br\/noticias\/wp-json\/wp\/v2\/tags?post=84"}],"curies":[{"name":"wp","href":"https:\/\/api.w.org\/{rel}","templated":true}]}}