{"id":445,"date":"2013-10-15T13:41:11","date_gmt":"2013-10-15T13:41:11","guid":{"rendered":"http:\/\/www.encontrailhadogovernador.com.br\/noticias\/?p=445"},"modified":"2013-10-15T13:41:11","modified_gmt":"2013-10-15T13:41:11","slug":"troca-troca-de-livros-na-biblioteca-da-ilha-do-governador-e-de-segunda-a-sabado","status":"publish","type":"post","link":"https:\/\/www.encontrailhadogovernador.com.br\/noticias\/troca-troca-de-livros-na-biblioteca-da-ilha-do-governador-e-de-segunda-a-sabado\/","title":{"rendered":"Troca-troca de livros na Biblioteca da Ilha do Governador \u00e9 de segunda a s\u00e1bado"},"content":{"rendered":"<p>A Biblioteca Popular Municipal Euclides da Cunha, na Ilha do Governador, promove Troca-troca de livros, de segunda a sexta-feira, das 9h \u00e0s 17h, e aos s\u00e1bados, das 10h \u00e0s 16h.<\/p>\n<p>Para participar basta levar um ou mais livros, em bom estado de conserva\u00e7\u00e3o, para trocar por outros de sua prefer\u00eancia.<\/p>\n<p>Essa biblioteca da Secretaria Municipal de Cultura fica na Pra\u00e7a Danaides, s\/n\u00ba, Cocot\u00e1. Mais informa\u00e7\u00f5es pelo telefone 3368-7797.<\/p>\n","protected":false},"excerpt":{"rendered":"<p>A Biblioteca Popular Municipal Euclides da Cunha, na Ilha do Governador, promove Troca-troca de livros, de segunda a sexta-feira, das 9h \u00e0s 17h, e aos s\u00e1bados, das 10h \u00e0s 16h. Para participar basta levar um ou mais livros, em bom estado de conserva\u00e7\u00e3o, para trocar por outros de sua prefer\u00eancia. Essa biblioteca da Secretaria Municipal [&hellip;]<\/p>\n","protected":false},"author":1,"featured_media":0,"comment_status":"open","ping_status":"open","sticky":false,"template":"","format":"standard","meta":{"footnotes":""},"categories":[6],"tags":[],"class_list":["post-445","post","type-post","status-publish","format-standard","hentry","category-noticias"],"_links":{"self":[{"href":"https:\/\/www.encontrailhadogovernador.com.br\/noticias\/wp-json\/wp\/v2\/posts\/445","targetHints":{"allow":["GET"]}}],"collection":[{"href":"https:\/\/www.encontrailhadogovernador.com.br\/noticias\/wp-json\/wp\/v2\/posts"}],"about":[{"href":"https:\/\/www.encontrailhadogovernador.com.br\/noticias\/wp-json\/wp\/v2\/types\/post"}],"author":[{"embeddable":true,"href":"https:\/\/www.encontrailhadogovernador.com.br\/noticias\/wp-json\/wp\/v2\/users\/1"}],"replies":[{"embeddable":true,"href":"https:\/\/www.encontrailhadogovernador.com.br\/noticias\/wp-json\/wp\/v2\/comments?post=445"}],"version-history":[{"count":1,"href":"https:\/\/www.encontrailhadogovernador.com.br\/noticias\/wp-json\/wp\/v2\/posts\/445\/revisions"}],"predecessor-version":[{"id":446,"href":"https:\/\/www.encontrailhadogovernador.com.br\/noticias\/wp-json\/wp\/v2\/posts\/445\/revisions\/446"}],"wp:attachment":[{"href":"https:\/\/www.encontrailhadogovernador.com.br\/noticias\/wp-json\/wp\/v2\/media?parent=445"}],"wp:term":[{"taxonomy":"category","embeddable":true,"href":"https:\/\/www.encontrailhadogovernador.com.br\/noticias\/wp-json\/wp\/v2\/categories?post=445"},{"taxonomy":"post_tag","embeddable":true,"href":"https:\/\/www.encontrailhadogovernador.com.br\/noticias\/wp-json\/wp\/v2\/tags?post=445"}],"curies":[{"name":"wp","href":"https:\/\/api.w.org\/{rel}","templated":true}]}}