{"id":436,"date":"2013-09-26T13:06:20","date_gmt":"2013-09-26T13:06:20","guid":{"rendered":"http:\/\/www.encontrailhadogovernador.com.br\/noticias\/?p=436"},"modified":"2013-09-26T13:06:37","modified_gmt":"2013-09-26T13:06:37","slug":"ilha-do-governador-pronatec-itinerante-oferece-novas-vagas-para-curso-de-capacitacao","status":"publish","type":"post","link":"https:\/\/www.encontrailhadogovernador.com.br\/noticias\/ilha-do-governador-pronatec-itinerante-oferece-novas-vagas-para-curso-de-capacitacao\/","title":{"rendered":"Ilha do Governador: Pronatec Itinerante oferece novas vagas para curso de capacita\u00e7\u00e3o"},"content":{"rendered":"<p>A Prefeitura do Rio de Janeiro, por meio do Pronatec Itirerante, projeto da Secretaria Municipal de Trabalho e Emprego (SMTE), em parceria com a Secretaria Municipal de Assist\u00eancia Social (SMAS), abriu inscri\u00e7\u00f5es para novas vagas para cursos gratuitos de capacita\u00e7\u00e3o profissional. Os cursos ser\u00e3o ministrados pelo Senac e Senai, sendo que este \u00faltimo oferece turmas com inclus\u00e3o de pessoas com defici\u00eancia.<\/p>\n<p>Para participar desse projeto \u00e9 necess\u00e1rio ser benefici\u00e1rio de algum programa do Governo Federal. Para realizar a inscri\u00e7\u00e3o nos cursos, os benefici\u00e1rios devem levar o cart\u00e3o de Cadastro \u00danico e RG. Lembrando que ser\u00e1 preciso os originais e c\u00f3pias desses documentos.<\/p>\n<p><strong>Confira abaixo os cursos oferecidos:<\/strong><\/p>\n<p><strong>Senac:<\/strong><\/p>\n<p>Fundamental \u2013 depiladora, costureiro, porteiro e vigia, monitor de recrea\u00e7\u00e3o, agente de projetos sociais, cuidados infantil, pizzaiolo, camareira em meios de hospedagem, instalador e reparador de redes de computadores e cuidador de idoso.<\/p>\n<p>Ensino m\u00e9dio \u2013 bartender e auxiliar de pessoal.<\/p>\n<p><strong>Senai:<\/strong><\/p>\n<p>Fundamental \u2013 montador de pain\u00e9is el\u00e9tricos, costureiro industrial do vestu\u00e1rio, operador de computador, pintor de im\u00f3veis, almoxarife, eletricista instalador predial de baixa tens\u00e3o, comprador, soldador no processo eletrodo revestido a\u00e7o carbono e a\u00e7o baixa liga e eletricista de autom\u00f3veis.<\/p>\n<p>Ensino m\u00e9dio \u2013 auxiliar administrativo.<\/p>\n<p>As inscri\u00e7\u00f5es devem ser feitas nos Centros P\u00fablicos de Trabalho e Emprego, listados abaixo, e por meio do Itinerante que ir\u00e1 percorrer o munic\u00edpio do Rio.<\/p>\n<p>CPETR TIJUCA &#8211; Rua Camaragibe, 25;<\/p>\n<p>CPETR CAMPO GRANDE &#8211; Rua Barcelos Domingos, 162;<\/p>\n<p>CPETR JACAREPAGU\u00c1 &#8211; Estrada do Guerengu\u00ea, 1630;<\/p>\n<p><strong>CPETR ILHA DO GOVERNADOR &#8211; Estrada do Dend\u00ea, 2080.<\/strong><\/p>\n","protected":false},"excerpt":{"rendered":"<p>A Prefeitura do Rio de Janeiro, por meio do Pronatec Itirerante, projeto da Secretaria Municipal de Trabalho e Emprego (SMTE), em parceria com a Secretaria Municipal de Assist\u00eancia Social (SMAS), abriu inscri\u00e7\u00f5es para novas vagas para cursos gratuitos de capacita\u00e7\u00e3o profissional. Os cursos ser\u00e3o ministrados pelo Senac e Senai, sendo que este \u00faltimo oferece turmas [&hellip;]<\/p>\n","protected":false},"author":1,"featured_media":0,"comment_status":"open","ping_status":"open","sticky":false,"template":"","format":"standard","meta":{"footnotes":""},"categories":[3],"tags":[],"class_list":["post-436","post","type-post","status-publish","format-standard","hentry","category-cursos"],"_links":{"self":[{"href":"https:\/\/www.encontrailhadogovernador.com.br\/noticias\/wp-json\/wp\/v2\/posts\/436","targetHints":{"allow":["GET"]}}],"collection":[{"href":"https:\/\/www.encontrailhadogovernador.com.br\/noticias\/wp-json\/wp\/v2\/posts"}],"about":[{"href":"https:\/\/www.encontrailhadogovernador.com.br\/noticias\/wp-json\/wp\/v2\/types\/post"}],"author":[{"embeddable":true,"href":"https:\/\/www.encontrailhadogovernador.com.br\/noticias\/wp-json\/wp\/v2\/users\/1"}],"replies":[{"embeddable":true,"href":"https:\/\/www.encontrailhadogovernador.com.br\/noticias\/wp-json\/wp\/v2\/comments?post=436"}],"version-history":[{"count":2,"href":"https:\/\/www.encontrailhadogovernador.com.br\/noticias\/wp-json\/wp\/v2\/posts\/436\/revisions"}],"predecessor-version":[{"id":438,"href":"https:\/\/www.encontrailhadogovernador.com.br\/noticias\/wp-json\/wp\/v2\/posts\/436\/revisions\/438"}],"wp:attachment":[{"href":"https:\/\/www.encontrailhadogovernador.com.br\/noticias\/wp-json\/wp\/v2\/media?parent=436"}],"wp:term":[{"taxonomy":"category","embeddable":true,"href":"https:\/\/www.encontrailhadogovernador.com.br\/noticias\/wp-json\/wp\/v2\/categories?post=436"},{"taxonomy":"post_tag","embeddable":true,"href":"https:\/\/www.encontrailhadogovernador.com.br\/noticias\/wp-json\/wp\/v2\/tags?post=436"}],"curies":[{"name":"wp","href":"https:\/\/api.w.org\/{rel}","templated":true}]}}