{"id":428,"date":"2013-08-27T13:24:24","date_gmt":"2013-08-27T13:24:24","guid":{"rendered":"http:\/\/www.encontrailhadogovernador.com.br\/noticias\/?p=428"},"modified":"2013-08-27T13:24:24","modified_gmt":"2013-08-27T13:24:24","slug":"prefeitura-disponibiliza-posto-de-atendimento-na-ilha-do-governador-para-atualizacao-cadastral","status":"publish","type":"post","link":"https:\/\/www.encontrailhadogovernador.com.br\/noticias\/prefeitura-disponibiliza-posto-de-atendimento-na-ilha-do-governador-para-atualizacao-cadastral\/","title":{"rendered":"Prefeitura disponibiliza posto de atendimento na Ilha do Governador para atualiza\u00e7\u00e3o cadastral"},"content":{"rendered":"<p>A Prefeitura do Rio, por meio da Secretaria de Transportes, informa que os procedimentos de atualiza\u00e7\u00e3o cadastral, baixa\/inclus\u00e3o de auxiliar, segunda via de CIAT e solicita\u00e7\u00e3o de inclus\u00e3o\/exclus\u00e3o em cooperativas de t\u00e1xi, agora devem ser feitos exclusivamente nos dez postos de atendimento da SMTR, e n\u00e3o mais no Protocolo na Estrada do Guerengu\u00ea.<\/p>\n<p>O objetivo \u00e9 agilizar o atendimento para t\u00e1xis, ve\u00edculos de fretamento, escolares, e integrantes do Transporte Especial Complementar (TEC) e Sistema de Transporte P\u00fablico Local (STPL). Com a mudan\u00e7a, o prazo m\u00e1ximo para a conclus\u00e3o dos processos \u00e9 de seis dias<\/p>\n<p><strong>Confira o endere\u00e7o do posto:<\/strong><\/p>\n<p><strong>Ilha do Governador:<\/strong> Rua Orcadas, 435 &#8211; Acesso pela Rua Escritora Eneida de Moraes. Hor\u00e1rio: 9h \u00e0s 16h.<\/p>\n","protected":false},"excerpt":{"rendered":"<p>A Prefeitura do Rio, por meio da Secretaria de Transportes, informa que os procedimentos de atualiza\u00e7\u00e3o cadastral, baixa\/inclus\u00e3o de auxiliar, segunda via de CIAT e solicita\u00e7\u00e3o de inclus\u00e3o\/exclus\u00e3o em cooperativas de t\u00e1xi, agora devem ser feitos exclusivamente nos dez postos de atendimento da SMTR, e n\u00e3o mais no Protocolo na Estrada do Guerengu\u00ea. O objetivo [&hellip;]<\/p>\n","protected":false},"author":1,"featured_media":0,"comment_status":"open","ping_status":"open","sticky":false,"template":"","format":"standard","meta":{"footnotes":""},"categories":[6],"tags":[],"class_list":["post-428","post","type-post","status-publish","format-standard","hentry","category-noticias"],"_links":{"self":[{"href":"https:\/\/www.encontrailhadogovernador.com.br\/noticias\/wp-json\/wp\/v2\/posts\/428","targetHints":{"allow":["GET"]}}],"collection":[{"href":"https:\/\/www.encontrailhadogovernador.com.br\/noticias\/wp-json\/wp\/v2\/posts"}],"about":[{"href":"https:\/\/www.encontrailhadogovernador.com.br\/noticias\/wp-json\/wp\/v2\/types\/post"}],"author":[{"embeddable":true,"href":"https:\/\/www.encontrailhadogovernador.com.br\/noticias\/wp-json\/wp\/v2\/users\/1"}],"replies":[{"embeddable":true,"href":"https:\/\/www.encontrailhadogovernador.com.br\/noticias\/wp-json\/wp\/v2\/comments?post=428"}],"version-history":[{"count":1,"href":"https:\/\/www.encontrailhadogovernador.com.br\/noticias\/wp-json\/wp\/v2\/posts\/428\/revisions"}],"predecessor-version":[{"id":429,"href":"https:\/\/www.encontrailhadogovernador.com.br\/noticias\/wp-json\/wp\/v2\/posts\/428\/revisions\/429"}],"wp:attachment":[{"href":"https:\/\/www.encontrailhadogovernador.com.br\/noticias\/wp-json\/wp\/v2\/media?parent=428"}],"wp:term":[{"taxonomy":"category","embeddable":true,"href":"https:\/\/www.encontrailhadogovernador.com.br\/noticias\/wp-json\/wp\/v2\/categories?post=428"},{"taxonomy":"post_tag","embeddable":true,"href":"https:\/\/www.encontrailhadogovernador.com.br\/noticias\/wp-json\/wp\/v2\/tags?post=428"}],"curies":[{"name":"wp","href":"https:\/\/api.w.org\/{rel}","templated":true}]}}