{"id":293,"date":"2013-05-03T00:33:00","date_gmt":"2013-05-03T00:33:00","guid":{"rendered":"http:\/\/www.encontrailhadogovernador.com.br\/noticias\/?p=293"},"modified":"2013-08-15T16:08:52","modified_gmt":"2013-08-15T16:08:52","slug":"alunas-fazem-cadeira-de-rodas-para-sambistas-na-ilha-do-governador","status":"publish","type":"post","link":"https:\/\/www.encontrailhadogovernador.com.br\/noticias\/alunas-fazem-cadeira-de-rodas-para-sambistas-na-ilha-do-governador\/","title":{"rendered":"Alunas fazem cadeira de rodas para sambistas na Ilha do Governador"},"content":{"rendered":"<p>Um time brasileiro vai disputar o campeonato First Lego League deste ano na Alemanha, a partir do pr\u00f3ximo dia 7, com o projeto de uma cadeira de rodas el\u00e9trica, idealizado para permitir a participa\u00e7\u00e3o de idosas na ala das baianas no carnaval carioca. O prot\u00f3tipo foi desenvolvido em tr\u00eas meses, a partir de pesquisa feita pelas internas do Departamento Geral de A\u00e7\u00f5es Socioeducativas do Estado do Rio de Janeiro (Degase) com integrantes da Escola de Samba Uni\u00e3o da Ilha, localizada na Ilha do Governador, zona norte do Rio de Janeiro.<\/p>\n<p>A equipe As Meninas Supertalentosas, do Centro Socioeducativo Professor Antonio Carlos Gomes da Costa, do Degase, que abriga hoje 47 meninas em conflito com a lei, se destaca entre os 54 times de 35 pa\u00edses que concorrer\u00e3o no certame, considerado um dos mais importantes campeonatos estudantis do mundo na \u00e1rea da rob\u00f3tica e que, este ano, tem solu\u00e7\u00f5es para idosos como tema central.<\/p>\n<p>A equipe do Degase ir\u00e1 ao campeonato a convite da Funda\u00e7\u00e3o Lego e do Instituto Aprender Fazendo, operador do First Lego League no Brasil, representando a parte social da iniciativa internacional.<\/p>\n<p>Das 10 internas que integram o time, duas meninas de 15 e 16 anos que se encontram em regime de semiliberdade na unidade do Degase em Volta Redonda, no centro-sul fluminense, ir\u00e3o at\u00e9 a Alemanha apresentar o projeto. Liberadas para viajar pelo Juizado de Menores de Volta Redonda, as meninas n\u00e3o podem ser fotografadas nem ter os nomes mencionados nas reportagens para preservar suas identidades.<\/p>\n<p>Liberadas para dar seu testemunho oral, elas relataram \u00e0\u00a0reportagem\u00a0que o trabalho representa uma oportunidade &#8220;muito boa&#8221; em suas vidas. Sobre a cadeira, salientaram que a inven\u00e7\u00e3o teve por objetivo melhorar a vida dos idosos. As duas acreditam que o projeto poder\u00e1 contribuir para que elas &#8220;sejam algu\u00e9m na vida e tenham um futuro muito bom; uma coisa melhor&#8221;.<\/p>\n<p>Um filme produzido pelas internas mostrar\u00e1 parte de um desfile no Samb\u00f3dromo do Rio de Janeiro\u00a0e a a\u00e7\u00e3o das cadeiras que facilitam \u00e0s componentes da velha guarda das escolas de samba &#8220;rodar a baiana&#8221; nas evolu\u00e7\u00f5es da ala. As cadeiras podem suportar o peso da fantasia no bairro da Ilha do Governador que atinge, em m\u00e9dia, 30 quilos, durante 3h30 min de desfile, desde a etapa da concentra\u00e7\u00e3o at\u00e9 a dispers\u00e3o.<\/p>\n<p>Os componentes da fict\u00edcia escola, bem como o pessoal que ocupa as arquibancadas, s\u00e3o todos feitos em pe\u00e7as de Lego, um brinquedo de montar. A agente s\u00f3cio-educadora da unidade do Degase, Jandira Pinto, \u00e9 a autora do samba que as meninas cantam no filme ao longo do desfile, relatando o prop\u00f3sito da cria\u00e7\u00e3o coletiva.<\/p>\n<p>Benedita da Silva, de 75 anos, d\u00e1 seu depoimento sobre a dificuldade de locomo\u00e7\u00e3o que muitas idosas da escola de samba t\u00eam para acompanhar a apresenta\u00e7\u00e3o. Com as limita\u00e7\u00f5es f\u00edsicas, muitas acabam entrando em depress\u00e3o e apresentam doen\u00e7as. &#8220;Muitas desistem&#8221;, disse a professora de rob\u00f3tica Sandra Caldas, t\u00e9cnica da equipe.<\/p>\n<p>Ela explicou que a cadeira segura a saia das baianas. &#8220;A gente prendeu a saia na pr\u00f3pria cadeira, adaptada com o p\u00e9. As m\u00e3os ficam livres. Se ela [a baiana] apertar o bot\u00e3o direito no p\u00e9, a cadeira vai para o lado direito. Se for o esquerdo, ela gira para o lado esquerdo. Se aperta os dois bot\u00f5es, ela vai para frente. E se tirar os p\u00e9s, a cadeira freia&#8221;. Com isso, a sambista n\u00e3o precisa de ningu\u00e9m para empurrar. &#8220;E ela consegue continuar na ala das baianas&#8221;.<\/p>\n<p>Sandra Caldas lembrou que a experi\u00eancia do Degase com prot\u00f3tipos feitos com pe\u00e7as de Lego come\u00e7ou em 2008. A partir da\u00ed, o departamento tem conquistado importantes pr\u00eamios, o que contribui para a ressocializa\u00e7\u00e3o das internas. &#8220;Tem mudado paradigmas&#8221;, salientou.<\/p>\n<p>A busca de patente para o projeto come\u00e7a a preocupar as s\u00f3cio educadoras do Degase. Sandra Caldas disse que a ideia \u00e9 apresentar o prot\u00f3tipo \u00e0 Liga das Escolas de Samba do Rio de Janeiro, estimulando que cada uma tenha cadeiras deste tipo para dar \u00e0s componentes que se dedicaram durante toda a vida \u00e0s agremia\u00e7\u00f5es. &#8220;N\u00e3o \u00e9 para qualquer pessoa. \u00c9 valorizar as pessoas que deram sua vida pelas escolas&#8221;. Cada cadeira tem custo estimado de US$ 2,4 mil.<\/p>\n<p>Na avalia\u00e7\u00e3o da diretora adjunta da unidade do Degase, Rejane Dias Santos, &#8220;qualquer atividade feita com amor, com dedica\u00e7\u00e3o, sempre chega ao cora\u00e7\u00e3o delas [as internas] e elas entendem a dedica\u00e7\u00e3o do profissional&#8221;. Ela disse que ensinar \u00e9 sempre positivo e traz respostas. &#8220;Tudo isso contribui e favorece. O universo conspira a favor. E elas d\u00e3o uma resposta positiva. \u00c9 muito bom a gente perceber isso no dia a dia&#8221;, reiterou.<\/p>\n<p>O concurso \u00e9 dividido em tr\u00eas fases. A primeira inclui as miss\u00f5es ligadas ao tema dos idosos. A segunda aborda a pesquisa cient\u00edfica, onde est\u00e1 inserida a cadeira de rodas el\u00e9trica. E, no final, s\u00e3o analisados os valores, ou seja, quest\u00f5es como o relacionamento entre os membros da equipe, o respeito m\u00fatuo, integra\u00e7\u00e3o com outras equipes.<\/p>\n<p>No caso das Meninas Supertalentosas, elas contaram com a ajuda da equipe FrancoDroids, do Col\u00e9gio Liceu Franco-Brasileiro, que vai disputar o First Lego League, na Austr\u00e1lia. Houve um interc\u00e2mbio: os estudantes passaram \u00e0s internas sua experi\u00eancia na \u00e1rea da rob\u00f3tica e elas aprenderam a trabalhar em equipe, ressaltou Sandra Caldas.<\/p>\n<p>Outras duas equipes do Brasil participar\u00e3o do campeonato na Alemanha: Itap\u00eaRobota, do Servi\u00e7o Social da Ind\u00fastria de Itapetinga (SP), e Apoibot, do Col\u00e9gio Apoio de Pernambuco.<\/p>\n<p><em>Fonte: Terra.com.br<\/em><\/p>\n","protected":false},"excerpt":{"rendered":"<p>Um time brasileiro vai disputar o campeonato First Lego League deste ano na Alemanha, a partir do pr\u00f3ximo dia 7, com o projeto de uma cadeira de rodas el\u00e9trica, idealizado para permitir a participa\u00e7\u00e3o de idosas na ala das baianas no carnaval carioca. O prot\u00f3tipo foi desenvolvido em tr\u00eas meses, a partir de pesquisa feita [&hellip;]<\/p>\n","protected":false},"author":1,"featured_media":0,"comment_status":"open","ping_status":"open","sticky":false,"template":"","format":"standard","meta":{"footnotes":""},"categories":[6],"tags":[16],"class_list":["post-293","post","type-post","status-publish","format-standard","hentry","category-noticias","tag-ilha-do-governador"],"_links":{"self":[{"href":"https:\/\/www.encontrailhadogovernador.com.br\/noticias\/wp-json\/wp\/v2\/posts\/293","targetHints":{"allow":["GET"]}}],"collection":[{"href":"https:\/\/www.encontrailhadogovernador.com.br\/noticias\/wp-json\/wp\/v2\/posts"}],"about":[{"href":"https:\/\/www.encontrailhadogovernador.com.br\/noticias\/wp-json\/wp\/v2\/types\/post"}],"author":[{"embeddable":true,"href":"https:\/\/www.encontrailhadogovernador.com.br\/noticias\/wp-json\/wp\/v2\/users\/1"}],"replies":[{"embeddable":true,"href":"https:\/\/www.encontrailhadogovernador.com.br\/noticias\/wp-json\/wp\/v2\/comments?post=293"}],"version-history":[{"count":6,"href":"https:\/\/www.encontrailhadogovernador.com.br\/noticias\/wp-json\/wp\/v2\/posts\/293\/revisions"}],"predecessor-version":[{"id":424,"href":"https:\/\/www.encontrailhadogovernador.com.br\/noticias\/wp-json\/wp\/v2\/posts\/293\/revisions\/424"}],"wp:attachment":[{"href":"https:\/\/www.encontrailhadogovernador.com.br\/noticias\/wp-json\/wp\/v2\/media?parent=293"}],"wp:term":[{"taxonomy":"category","embeddable":true,"href":"https:\/\/www.encontrailhadogovernador.com.br\/noticias\/wp-json\/wp\/v2\/categories?post=293"},{"taxonomy":"post_tag","embeddable":true,"href":"https:\/\/www.encontrailhadogovernador.com.br\/noticias\/wp-json\/wp\/v2\/tags?post=293"}],"curies":[{"name":"wp","href":"https:\/\/api.w.org\/{rel}","templated":true}]}}