{"id":260,"date":"2013-04-12T00:35:25","date_gmt":"2013-04-12T00:35:25","guid":{"rendered":"http:\/\/www.encontrailhadogovernador.com.br\/noticias\/?p=260"},"modified":"2013-08-15T16:08:51","modified_gmt":"2013-08-15T16:08:51","slug":"torcedores-da-uniao-da-ilha-do-governador-criam-logo-em-homenagem-a-portela","status":"publish","type":"post","link":"https:\/\/www.encontrailhadogovernador.com.br\/noticias\/torcedores-da-uniao-da-ilha-do-governador-criam-logo-em-homenagem-a-portela\/","title":{"rendered":"Torcedores da Uni\u00e3o da Ilha do Governador criam logo em homenagem \u00e0 Portela"},"content":{"rendered":"<p>Os &#8220;volunt\u00e1rios-desfilantes&#8221; do bairro da Ilha do Governador e \u00a0criadores da nova fan page da Uni\u00e3o da Ilha do Governador, denominada &#8220;Eu Sou Uni\u00e3o da Ilha&#8230; mas quem n\u00e3o \u00e9?&#8221;, criaram uma logo especial para homenagear os 90 anos da Portela, madrinha da agremia\u00e7\u00e3o insulana.<\/p>\n<p>Na ilustra\u00e7\u00e3o, trechos do samba-enredo &#8220;Bom bonito e barato&#8221;, do ano de 1980, agradecem a ajuda da azul e branca.<\/p>\n<p><em>Fonte: Sidney Rezende<\/em><\/p>\n","protected":false},"excerpt":{"rendered":"<p>Os &#8220;volunt\u00e1rios-desfilantes&#8221; do bairro da Ilha do Governador e \u00a0criadores da nova fan page da Uni\u00e3o da Ilha do Governador, denominada &#8220;Eu Sou Uni\u00e3o da Ilha&#8230; mas quem n\u00e3o \u00e9?&#8221;, criaram uma logo especial para homenagear os 90 anos da Portela, madrinha da agremia\u00e7\u00e3o insulana. Na ilustra\u00e7\u00e3o, trechos do samba-enredo &#8220;Bom bonito e barato&#8221;, do [&hellip;]<\/p>\n","protected":false},"author":1,"featured_media":0,"comment_status":"open","ping_status":"open","sticky":false,"template":"","format":"standard","meta":{"footnotes":""},"categories":[6],"tags":[17],"class_list":["post-260","post","type-post","status-publish","format-standard","hentry","category-noticias","tag-ilha-do-governo"],"_links":{"self":[{"href":"https:\/\/www.encontrailhadogovernador.com.br\/noticias\/wp-json\/wp\/v2\/posts\/260","targetHints":{"allow":["GET"]}}],"collection":[{"href":"https:\/\/www.encontrailhadogovernador.com.br\/noticias\/wp-json\/wp\/v2\/posts"}],"about":[{"href":"https:\/\/www.encontrailhadogovernador.com.br\/noticias\/wp-json\/wp\/v2\/types\/post"}],"author":[{"embeddable":true,"href":"https:\/\/www.encontrailhadogovernador.com.br\/noticias\/wp-json\/wp\/v2\/users\/1"}],"replies":[{"embeddable":true,"href":"https:\/\/www.encontrailhadogovernador.com.br\/noticias\/wp-json\/wp\/v2\/comments?post=260"}],"version-history":[{"count":4,"href":"https:\/\/www.encontrailhadogovernador.com.br\/noticias\/wp-json\/wp\/v2\/posts\/260\/revisions"}],"predecessor-version":[{"id":410,"href":"https:\/\/www.encontrailhadogovernador.com.br\/noticias\/wp-json\/wp\/v2\/posts\/260\/revisions\/410"}],"wp:attachment":[{"href":"https:\/\/www.encontrailhadogovernador.com.br\/noticias\/wp-json\/wp\/v2\/media?parent=260"}],"wp:term":[{"taxonomy":"category","embeddable":true,"href":"https:\/\/www.encontrailhadogovernador.com.br\/noticias\/wp-json\/wp\/v2\/categories?post=260"},{"taxonomy":"post_tag","embeddable":true,"href":"https:\/\/www.encontrailhadogovernador.com.br\/noticias\/wp-json\/wp\/v2\/tags?post=260"}],"curies":[{"name":"wp","href":"https:\/\/api.w.org\/{rel}","templated":true}]}}