{"id":245,"date":"2013-04-05T00:14:24","date_gmt":"2013-04-05T00:14:24","guid":{"rendered":"http:\/\/www.encontrailhadogovernador.com.br\/noticias\/?p=245"},"modified":"2013-08-15T16:08:51","modified_gmt":"2013-08-15T16:08:51","slug":"vagas-de-emprego-sao-oferecidas-na-ilha-do-governador-e-regiao","status":"publish","type":"post","link":"https:\/\/www.encontrailhadogovernador.com.br\/noticias\/vagas-de-emprego-sao-oferecidas-na-ilha-do-governador-e-regiao\/","title":{"rendered":"Vagas de emprego s\u00e3o oferecidas na Ilha do Governador e regi\u00e3o"},"content":{"rendered":"<p>Os moradores do\u00a0estado do Rio de Janeiro\u00a0t\u00eam 3.170 oportunidades de emprego dispon\u00edveis em todo o Estado. As vagas s\u00e3o para diversas \u00e1reas de atua\u00e7\u00e3o, como ajudante de pedreiro, auxiliar de cozinha e eletricista, entre outros. Os postos s\u00e3o oferecidos pela Secretaria Municipal de Trabalho e Emprego e pelo CAT (Central de Apoio ao Trabalhador).<\/p>\n<p>No Rio, a maioria das oportunidades \u00e9 para operador de vendas (312), seguida de operador de caixa (210) e auxiliar de linha de produ\u00e7\u00e3o (200). J\u00e1 entre os\u00a0empregos no bairro da Ilha do Governador\u00a0com menor n\u00famero de vagas est\u00e3o confeiteiro e ajudante de padeiro, cada um oferecendo uma vaga, entre outros.<\/p>\n<p><strong>Como se candidatar<\/strong><br \/>\nExistem tr\u00eas locais que est\u00e3o intermediando as ofertas de vagas: a Secretaria Estadual de Trabalho e Renda, a Secretaria Municipal de Trabalho e Emprego e a Central de Apoio ao Trabalhador.<\/p>\n<p>Para concorrer a uma das oportunidades oferecidas pela Secretaria Estadual de Trabalho e Renda, \u00e9 necess\u00e1rio comparecer a um dos postos, veja pelo site\u00a0rj.gov.br\/web\/setrab\/exibeconteudo?article-id=164788, levando a carteira de trabalho. Em caso de d\u00favida, os candidatos podem entrar em contato pelo telefone (21) 2332-9999.<\/p>\n<p><strong>Servi\u00e7o:<\/strong><\/p>\n<p><strong>CPETR\u00a0\u00a0<\/strong><strong>\/ Ilha do Governador<\/strong><\/p>\n<p>Respons\u00e1vel Titular: Genival Barbosa<br \/>\nEndere\u00e7o: Rua Capit\u00e3o Barbosa, 645 \u2013 Cocot\u00e1 \u2013 Ilha do Governador &#8211; RJ<br \/>\nCep: 21.921-525<br \/>\nDDD:(21)<br \/>\nTelefone: 2334-6366<\/p>\n<p>Para disputar as vagas da Secretaria Municipal de Trabalho e Emprego, os candidatos poder\u00e3o fazer o cadastro pelo portal da secretaria veja pelo site rio.rj.gov.br\/web\/smte\/listaconteudo?search-type=postos\u00a0ou comparecer em hor\u00e1rio comercial aos seguintes postos:<br \/>\n<b><\/b><\/p>\n<p><b>Servi\u00e7o:<\/b><\/p>\n<p><strong style=\"font-size: 13px; line-height: 19px;\">SMTE \/ Ilha do Governador<\/strong><br \/>\nEstrada do Dend\u00ea, 2080<\/p>\n<p><em>Fonte: R7<\/em><\/p>\n","protected":false},"excerpt":{"rendered":"<p>Os moradores do\u00a0estado do Rio de Janeiro\u00a0t\u00eam 3.170 oportunidades de emprego dispon\u00edveis em todo o Estado. As vagas s\u00e3o para diversas \u00e1reas de atua\u00e7\u00e3o, como ajudante de pedreiro, auxiliar de cozinha e eletricista, entre outros. Os postos s\u00e3o oferecidos pela Secretaria Municipal de Trabalho e Emprego e pelo CAT (Central de Apoio ao Trabalhador). No [&hellip;]<\/p>\n","protected":false},"author":1,"featured_media":0,"comment_status":"open","ping_status":"open","sticky":false,"template":"","format":"standard","meta":{"footnotes":""},"categories":[4],"tags":[16],"class_list":["post-245","post","type-post","status-publish","format-standard","hentry","category-empregos","tag-ilha-do-governador"],"_links":{"self":[{"href":"https:\/\/www.encontrailhadogovernador.com.br\/noticias\/wp-json\/wp\/v2\/posts\/245","targetHints":{"allow":["GET"]}}],"collection":[{"href":"https:\/\/www.encontrailhadogovernador.com.br\/noticias\/wp-json\/wp\/v2\/posts"}],"about":[{"href":"https:\/\/www.encontrailhadogovernador.com.br\/noticias\/wp-json\/wp\/v2\/types\/post"}],"author":[{"embeddable":true,"href":"https:\/\/www.encontrailhadogovernador.com.br\/noticias\/wp-json\/wp\/v2\/users\/1"}],"replies":[{"embeddable":true,"href":"https:\/\/www.encontrailhadogovernador.com.br\/noticias\/wp-json\/wp\/v2\/comments?post=245"}],"version-history":[{"count":6,"href":"https:\/\/www.encontrailhadogovernador.com.br\/noticias\/wp-json\/wp\/v2\/posts\/245\/revisions"}],"predecessor-version":[{"id":412,"href":"https:\/\/www.encontrailhadogovernador.com.br\/noticias\/wp-json\/wp\/v2\/posts\/245\/revisions\/412"}],"wp:attachment":[{"href":"https:\/\/www.encontrailhadogovernador.com.br\/noticias\/wp-json\/wp\/v2\/media?parent=245"}],"wp:term":[{"taxonomy":"category","embeddable":true,"href":"https:\/\/www.encontrailhadogovernador.com.br\/noticias\/wp-json\/wp\/v2\/categories?post=245"},{"taxonomy":"post_tag","embeddable":true,"href":"https:\/\/www.encontrailhadogovernador.com.br\/noticias\/wp-json\/wp\/v2\/tags?post=245"}],"curies":[{"name":"wp","href":"https:\/\/api.w.org\/{rel}","templated":true}]}}