{"id":200,"date":"2013-03-08T00:29:12","date_gmt":"2013-03-08T00:29:12","guid":{"rendered":"http:\/\/www.encontrailhadogovernador.com.br\/noticias\/?p=200"},"modified":"2013-08-15T16:08:50","modified_gmt":"2013-08-15T16:08:50","slug":"operacao-da-pm-prende-tres-na-ilha-do-governador","status":"publish","type":"post","link":"https:\/\/www.encontrailhadogovernador.com.br\/noticias\/operacao-da-pm-prende-tres-na-ilha-do-governador\/","title":{"rendered":"Opera\u00e7\u00e3o da PM prende tr\u00eas na Ilha do Governador"},"content":{"rendered":"<p>Policiais militares do 17\u00ba BPM (Ilha\u00a0do Governador), em opera\u00e7\u00e3o nesta quarta-feira na Vila Joaniza, Morro do Barbante, Ilha do Governador prenderam tr\u00eas homens.<\/p>\n<p>Com eles, foram apreendidos uma escopeta calibre 12, uma pistola .40 numera\u00e7\u00e3o raspada, uma espingarda, cinco motos apreendidas, al\u00e9m de uma mochila. O caso foi registrado na 37\u00aa Delegacia de Pol\u00edcia da cidade de Ilha do\u00a0Governador.<\/p>\n<p><em>Fonte: O Dia<\/em><\/p>\n","protected":false},"excerpt":{"rendered":"<p>Policiais militares do 17\u00ba BPM (Ilha\u00a0do Governador), em opera\u00e7\u00e3o nesta quarta-feira na Vila Joaniza, Morro do Barbante, Ilha do Governador prenderam tr\u00eas homens. Com eles, foram apreendidos uma escopeta calibre 12, uma pistola .40 numera\u00e7\u00e3o raspada, uma espingarda, cinco motos apreendidas, al\u00e9m de uma mochila. O caso foi registrado na 37\u00aa Delegacia de Pol\u00edcia da [&hellip;]<\/p>\n","protected":false},"author":1,"featured_media":0,"comment_status":"open","ping_status":"open","sticky":false,"template":"","format":"standard","meta":{"footnotes":""},"categories":[6],"tags":[16],"class_list":["post-200","post","type-post","status-publish","format-standard","hentry","category-noticias","tag-ilha-do-governador"],"_links":{"self":[{"href":"https:\/\/www.encontrailhadogovernador.com.br\/noticias\/wp-json\/wp\/v2\/posts\/200","targetHints":{"allow":["GET"]}}],"collection":[{"href":"https:\/\/www.encontrailhadogovernador.com.br\/noticias\/wp-json\/wp\/v2\/posts"}],"about":[{"href":"https:\/\/www.encontrailhadogovernador.com.br\/noticias\/wp-json\/wp\/v2\/types\/post"}],"author":[{"embeddable":true,"href":"https:\/\/www.encontrailhadogovernador.com.br\/noticias\/wp-json\/wp\/v2\/users\/1"}],"replies":[{"embeddable":true,"href":"https:\/\/www.encontrailhadogovernador.com.br\/noticias\/wp-json\/wp\/v2\/comments?post=200"}],"version-history":[{"count":4,"href":"https:\/\/www.encontrailhadogovernador.com.br\/noticias\/wp-json\/wp\/v2\/posts\/200\/revisions"}],"predecessor-version":[{"id":203,"href":"https:\/\/www.encontrailhadogovernador.com.br\/noticias\/wp-json\/wp\/v2\/posts\/200\/revisions\/203"}],"wp:attachment":[{"href":"https:\/\/www.encontrailhadogovernador.com.br\/noticias\/wp-json\/wp\/v2\/media?parent=200"}],"wp:term":[{"taxonomy":"category","embeddable":true,"href":"https:\/\/www.encontrailhadogovernador.com.br\/noticias\/wp-json\/wp\/v2\/categories?post=200"},{"taxonomy":"post_tag","embeddable":true,"href":"https:\/\/www.encontrailhadogovernador.com.br\/noticias\/wp-json\/wp\/v2\/tags?post=200"}],"curies":[{"name":"wp","href":"https:\/\/api.w.org\/{rel}","templated":true}]}}