{"id":193,"date":"2013-03-06T00:17:56","date_gmt":"2013-03-06T00:17:56","guid":{"rendered":"http:\/\/www.encontrailhadogovernador.com.br\/noticias\/?p=193"},"modified":"2013-08-15T16:08:49","modified_gmt":"2013-08-15T16:08:49","slug":"ilha-do-governador-ganha-novo-hospital","status":"publish","type":"post","link":"https:\/\/www.encontrailhadogovernador.com.br\/noticias\/ilha-do-governador-ganha-novo-hospital\/","title":{"rendered":"Ilha do Governador ganha novo hospital"},"content":{"rendered":"<p>A presidente Dilma Rousseff inaugurou na sexta-feira na Ilha do Governador o Hospital Municipal Evandro Freire, que ter\u00e1 capacidade para seis mil atendimentos mensais e poder\u00e1 atender dependentes de crack. O ministro da Sa\u00fade, Alexandre Padilha, assinou durante a cerim\u00f4nia de inaugura\u00e7\u00e3o a portaria que garante a transfer\u00eancia para a prefeitura de R$ 30 milh\u00f5es para a manuten\u00e7\u00e3o do hospital na cidade da Ilha do Governador.<\/p>\n<p>A unidade custou cerca de R$ 57 milh\u00f5es e ter\u00e1 120 leitos, dos quais 73 ser\u00e3o destinados \u00e0 interna\u00e7\u00e3o, 30 \u00e0 Unidade de Terapia Intensiva (UTI) e outros 17 aos consult\u00f3rios para os atendimentos de cl\u00ednica geral e pediatria. De acordo com a prefeitura, o centro cir\u00fargico vai funcionar com quatro salas e cinco leitos de recupera\u00e7\u00e3o p\u00f3s-anest\u00e9sica, e o hospital ter\u00e1 um centro de imagem com dois aparelhos de raios-X, dois de ultrassonografia, tom\u00f3grafo de 16 canais, ecocardiograma, al\u00e9m de aparelhos de videoendoscopia e eletrocardiograma.<\/p>\n<p>Durante a cerim\u00f4nia, a presidente enalteceu as parcerias entre o governo, o estado e a prefeitura do Rio. Dilma aproveitou a cerim\u00f4nia para parabenizar a cidade pelos seus 448 anos e ressaltar a import\u00e2ncia do tratamento dos dependentes do crack:<\/p>\n<p>\u2014 O crack destr\u00f3i a vida os jovens e o futuro deles. Fiquei muito bem impressionada com o atendimento que ser\u00e1 prestado neste hospital.<\/p>\n<p>O nome do hospital \u00e9 uma homenagem ao m\u00e9dico-cirurgi\u00e3o Evandro Costa da Silva Freire, que viveu na Ilha do Governador e dedicou a maior parte de sua carreira ao servi\u00e7o p\u00fablico.<\/p>\n<p><em>Fonte: Jornal Extra<\/em><\/p>\n<p>&nbsp;<\/p>\n","protected":false},"excerpt":{"rendered":"<p>A presidente Dilma Rousseff inaugurou na sexta-feira na Ilha do Governador o Hospital Municipal Evandro Freire, que ter\u00e1 capacidade para seis mil atendimentos mensais e poder\u00e1 atender dependentes de crack. O ministro da Sa\u00fade, Alexandre Padilha, assinou durante a cerim\u00f4nia de inaugura\u00e7\u00e3o a portaria que garante a transfer\u00eancia para a prefeitura de R$ 30 milh\u00f5es [&hellip;]<\/p>\n","protected":false},"author":1,"featured_media":0,"comment_status":"open","ping_status":"open","sticky":false,"template":"","format":"standard","meta":{"footnotes":""},"categories":[6],"tags":[16],"class_list":["post-193","post","type-post","status-publish","format-standard","hentry","category-noticias","tag-ilha-do-governador"],"_links":{"self":[{"href":"https:\/\/www.encontrailhadogovernador.com.br\/noticias\/wp-json\/wp\/v2\/posts\/193","targetHints":{"allow":["GET"]}}],"collection":[{"href":"https:\/\/www.encontrailhadogovernador.com.br\/noticias\/wp-json\/wp\/v2\/posts"}],"about":[{"href":"https:\/\/www.encontrailhadogovernador.com.br\/noticias\/wp-json\/wp\/v2\/types\/post"}],"author":[{"embeddable":true,"href":"https:\/\/www.encontrailhadogovernador.com.br\/noticias\/wp-json\/wp\/v2\/users\/1"}],"replies":[{"embeddable":true,"href":"https:\/\/www.encontrailhadogovernador.com.br\/noticias\/wp-json\/wp\/v2\/comments?post=193"}],"version-history":[{"count":2,"href":"https:\/\/www.encontrailhadogovernador.com.br\/noticias\/wp-json\/wp\/v2\/posts\/193\/revisions"}],"predecessor-version":[{"id":358,"href":"https:\/\/www.encontrailhadogovernador.com.br\/noticias\/wp-json\/wp\/v2\/posts\/193\/revisions\/358"}],"wp:attachment":[{"href":"https:\/\/www.encontrailhadogovernador.com.br\/noticias\/wp-json\/wp\/v2\/media?parent=193"}],"wp:term":[{"taxonomy":"category","embeddable":true,"href":"https:\/\/www.encontrailhadogovernador.com.br\/noticias\/wp-json\/wp\/v2\/categories?post=193"},{"taxonomy":"post_tag","embeddable":true,"href":"https:\/\/www.encontrailhadogovernador.com.br\/noticias\/wp-json\/wp\/v2\/tags?post=193"}],"curies":[{"name":"wp","href":"https:\/\/api.w.org\/{rel}","templated":true}]}}