{"id":188,"date":"2013-03-01T00:15:29","date_gmt":"2013-03-01T00:15:29","guid":{"rendered":"http:\/\/www.encontrailhadogovernador.com.br\/noticias\/?p=188"},"modified":"2013-08-15T16:08:50","modified_gmt":"2013-08-15T16:08:50","slug":"assaltante-desarmado-morde-taxista-e-imobilizado-e-acaba-preso-na-ilha-do-governador","status":"publish","type":"post","link":"https:\/\/www.encontrailhadogovernador.com.br\/noticias\/assaltante-desarmado-morde-taxista-e-imobilizado-e-acaba-preso-na-ilha-do-governador\/","title":{"rendered":"Assaltante desarmado morde taxista, \u00e9 imobilizado e acaba preso na Ilha do Governador"},"content":{"rendered":"<p>Alex Gabriel, de 39 anos, disse que um casal fez sinal no Complexo da Mar\u00e9 para que ele parasse e fizesse uma corrida, por\u00e9m somente o rapaz entrou no ve\u00edculo e pediu ir at\u00e9 o Jardim Guanabara, na Ilha do Governador. Na Estrada do Gale\u00e3o, por\u00e9m, Eliandro Joaquim, de 18 anos, disse que estava armado e anunciou o assalto.<\/p>\n<p>Ao perceber que era mentira, Alex fez o que n\u00e3o \u00e9 recomendado: reagiu ao assalto e acabou sendo atacado, a mordidas, pelo criminoso. Ap\u00f3s brigarem no carro, o motorista imobilizou o bandido at\u00e9 que a pol\u00edcia chegasse.<\/p>\n<p>Alex Gabriel foi levado para o Hospital Municipal Evandro Freire, na Portuguesa (Ilha do Governador) e tomou antibi\u00f3ticos, enquanto Eliandro foi preso na 21\u00aa Delegacia de Pol\u00edcia no bairro da Ilha do Governador\u00a0por tentativa de assalto.<\/p>\n<p><em>Fonte: Ilha Carioca<\/em><\/p>\n","protected":false},"excerpt":{"rendered":"<p>Alex Gabriel, de 39 anos, disse que um casal fez sinal no Complexo da Mar\u00e9 para que ele parasse e fizesse uma corrida, por\u00e9m somente o rapaz entrou no ve\u00edculo e pediu ir at\u00e9 o Jardim Guanabara, na Ilha do Governador. Na Estrada do Gale\u00e3o, por\u00e9m, Eliandro Joaquim, de 18 anos, disse que estava armado [&hellip;]<\/p>\n","protected":false},"author":1,"featured_media":0,"comment_status":"open","ping_status":"open","sticky":false,"template":"","format":"standard","meta":{"footnotes":""},"categories":[6],"tags":[16],"class_list":["post-188","post","type-post","status-publish","format-standard","hentry","category-noticias","tag-ilha-do-governador"],"_links":{"self":[{"href":"https:\/\/www.encontrailhadogovernador.com.br\/noticias\/wp-json\/wp\/v2\/posts\/188","targetHints":{"allow":["GET"]}}],"collection":[{"href":"https:\/\/www.encontrailhadogovernador.com.br\/noticias\/wp-json\/wp\/v2\/posts"}],"about":[{"href":"https:\/\/www.encontrailhadogovernador.com.br\/noticias\/wp-json\/wp\/v2\/types\/post"}],"author":[{"embeddable":true,"href":"https:\/\/www.encontrailhadogovernador.com.br\/noticias\/wp-json\/wp\/v2\/users\/1"}],"replies":[{"embeddable":true,"href":"https:\/\/www.encontrailhadogovernador.com.br\/noticias\/wp-json\/wp\/v2\/comments?post=188"}],"version-history":[{"count":5,"href":"https:\/\/www.encontrailhadogovernador.com.br\/noticias\/wp-json\/wp\/v2\/posts\/188\/revisions"}],"predecessor-version":[{"id":379,"href":"https:\/\/www.encontrailhadogovernador.com.br\/noticias\/wp-json\/wp\/v2\/posts\/188\/revisions\/379"}],"wp:attachment":[{"href":"https:\/\/www.encontrailhadogovernador.com.br\/noticias\/wp-json\/wp\/v2\/media?parent=188"}],"wp:term":[{"taxonomy":"category","embeddable":true,"href":"https:\/\/www.encontrailhadogovernador.com.br\/noticias\/wp-json\/wp\/v2\/categories?post=188"},{"taxonomy":"post_tag","embeddable":true,"href":"https:\/\/www.encontrailhadogovernador.com.br\/noticias\/wp-json\/wp\/v2\/tags?post=188"}],"curies":[{"name":"wp","href":"https:\/\/api.w.org\/{rel}","templated":true}]}}