{"id":184,"date":"2013-02-18T00:09:28","date_gmt":"2013-02-18T00:09:28","guid":{"rendered":"http:\/\/www.encontrailhadogovernador.com.br\/noticias\/?p=184"},"modified":"2013-08-15T16:08:51","modified_gmt":"2013-08-15T16:08:51","slug":"policia-prende-suspeito-com-arma-em-carro-roubado-na-ilha-do-governador","status":"publish","type":"post","link":"https:\/\/www.encontrailhadogovernador.com.br\/noticias\/policia-prende-suspeito-com-arma-em-carro-roubado-na-ilha-do-governador\/","title":{"rendered":"Pol\u00edcia prende suspeito com arma em carro roubado na Ilha do Governador"},"content":{"rendered":"<p>Um homem de 29 anos foi preso na madrugada desta quinta-feira (14) por policiais do Batalh\u00e3o de Ilha do Governador (17\u00ba BPM), durante patrulhamento na comunidade Boogie Woogie, na Ilha, zona norte do Rio de Janeiro.<\/p>\n<p>Segundo a pol\u00edcia, o suspeito estava em um carro roubado. Ap\u00f3s uma revista, os PMs encontraram um rev\u00f3lver calibre 38 no interior do ve\u00edculo no bairro da Ilha do Governador.<\/p>\n<p>J\u00e1 na favela do INPS, tamb\u00e9m na Ilha do Governador, os policiais encontraram um radiotransmissor e trouxinhas de maconha.<\/p>\n<p>Os casos foram encaminhados para a Delegacia da Ilha do Governador (37\u00aaDP).<\/p>\n<p><em>Fonte: R7<\/em><\/p>\n","protected":false},"excerpt":{"rendered":"<p>Um homem de 29 anos foi preso na madrugada desta quinta-feira (14) por policiais do Batalh\u00e3o de Ilha do Governador (17\u00ba BPM), durante patrulhamento na comunidade Boogie Woogie, na Ilha, zona norte do Rio de Janeiro. Segundo a pol\u00edcia, o suspeito estava em um carro roubado. Ap\u00f3s uma revista, os PMs encontraram um rev\u00f3lver calibre [&hellip;]<\/p>\n","protected":false},"author":1,"featured_media":0,"comment_status":"open","ping_status":"open","sticky":false,"template":"","format":"standard","meta":{"footnotes":""},"categories":[6],"tags":[16],"class_list":["post-184","post","type-post","status-publish","format-standard","hentry","category-noticias","tag-ilha-do-governador"],"_links":{"self":[{"href":"https:\/\/www.encontrailhadogovernador.com.br\/noticias\/wp-json\/wp\/v2\/posts\/184","targetHints":{"allow":["GET"]}}],"collection":[{"href":"https:\/\/www.encontrailhadogovernador.com.br\/noticias\/wp-json\/wp\/v2\/posts"}],"about":[{"href":"https:\/\/www.encontrailhadogovernador.com.br\/noticias\/wp-json\/wp\/v2\/types\/post"}],"author":[{"embeddable":true,"href":"https:\/\/www.encontrailhadogovernador.com.br\/noticias\/wp-json\/wp\/v2\/users\/1"}],"replies":[{"embeddable":true,"href":"https:\/\/www.encontrailhadogovernador.com.br\/noticias\/wp-json\/wp\/v2\/comments?post=184"}],"version-history":[{"count":3,"href":"https:\/\/www.encontrailhadogovernador.com.br\/noticias\/wp-json\/wp\/v2\/posts\/184\/revisions"}],"predecessor-version":[{"id":186,"href":"https:\/\/www.encontrailhadogovernador.com.br\/noticias\/wp-json\/wp\/v2\/posts\/184\/revisions\/186"}],"wp:attachment":[{"href":"https:\/\/www.encontrailhadogovernador.com.br\/noticias\/wp-json\/wp\/v2\/media?parent=184"}],"wp:term":[{"taxonomy":"category","embeddable":true,"href":"https:\/\/www.encontrailhadogovernador.com.br\/noticias\/wp-json\/wp\/v2\/categories?post=184"},{"taxonomy":"post_tag","embeddable":true,"href":"https:\/\/www.encontrailhadogovernador.com.br\/noticias\/wp-json\/wp\/v2\/tags?post=184"}],"curies":[{"name":"wp","href":"https:\/\/api.w.org\/{rel}","templated":true}]}}