{"id":175,"date":"2013-02-12T11:46:09","date_gmt":"2013-02-12T11:46:09","guid":{"rendered":"http:\/\/www.encontrailhadogovernador.com.br\/noticias\/?p=175"},"modified":"2013-08-15T16:08:51","modified_gmt":"2013-08-15T16:08:51","slug":"sapucai-uniao-da-ilha-do-governador-faz-desfile-grandioso-e-luxuoso","status":"publish","type":"post","link":"https:\/\/www.encontrailhadogovernador.com.br\/noticias\/sapucai-uniao-da-ilha-do-governador-faz-desfile-grandioso-e-luxuoso\/","title":{"rendered":"Sapuca\u00ed: Uni\u00e3o da Ilha do Governador faz desfile grandioso e luxuoso"},"content":{"rendered":"<p>Com 33 alas, 7 alegorias e 3.500 componentes, a Uni\u00e3o da Ilha do Governador apresentou sua homenagem ao centen\u00e1rio do \u201cPoetinha\u201d com o enredo \u201cVin\u00edcius no plural: paix\u00e3o, poesia e Carnaval\u201d.<\/p>\n<p>Diversas personalidades marcaram presen\u00e7a no desfile da agremia\u00e7\u00e3o. Toquinho, amigo do homenageado e que cantou o samba, Hel\u00f4 Pinheiro, a \u201cgarota de Ipanema\u201d e a fam\u00edlia de Vin\u00edcius, que \u00e9 da Ilha do Governador, estiveram presentes ao longo do desfile da tricolor. Artistas como David Brazil e Eriberto Le\u00e3o tamb\u00e9m puderam ser vistos defendendo o pavilh\u00e3o.<\/p>\n<p>A comiss\u00e3o de frente da escola da cidade da Ilha do Governador deu vida a personagens da obra de Vin\u00edcius, enquanto a bateria do Mestre Odilon deu o tom do samba com paradinhas simples. Mestre-sala e porta-bandeira da Uni\u00e3o se mostraram bastante confiantes com rela\u00e7\u00e3o ao desempenho da escola: \u201cFizemos nosso papel, o p\u00fablico est\u00e1 de parab\u00e9ns e queremos voltar no s\u00e1bado das campe\u00e3s\u201d, afirmou Bira. Cristiane Caldas tamb\u00e9m j\u00e1 est\u00e1 com a cabe\u00e7a na apura\u00e7\u00e3o: \u201cFizemos tudo que quer\u00edamos e agora \u00e9 esperar a quarta-feira de Cinzas\u201d.<\/p>\n<p>Um ponto negativo do espet\u00e1culo foi o carro Arca de No\u00e9, que teve dificuldades para ser empurrado e deixou um buraco justamente em frente a uma das cabines de jurados. O abre-alas tamb\u00e9m teve complica\u00e7\u00f5es, por\u00e9m j\u00e1 na dispers\u00e3o, o que n\u00e3o prejudicou o andamento da agremia\u00e7\u00e3o.<\/p>\n<p>Com fantasias n\u00e3o t\u00e3o luxuosas, por\u00e9m muito caprichadas e com \u00f3timo acabamento, a Uni\u00e3o convenceu o p\u00fablico e fez uma leg\u00edtima homenagem ao centen\u00e1rio do \u201cPoetinha\u201d. Na quarta-feira, integrantes e torcedores descobrir\u00e3o se a escola voltar\u00e1 a desfilar no s\u00e1bado das campe\u00e3s.<\/p>\n<p><em>Fonte: Portal da Ilha<\/em><\/p>\n","protected":false},"excerpt":{"rendered":"<p>Com 33 alas, 7 alegorias e 3.500 componentes, a Uni\u00e3o da Ilha do Governador apresentou sua homenagem ao centen\u00e1rio do \u201cPoetinha\u201d com o enredo \u201cVin\u00edcius no plural: paix\u00e3o, poesia e Carnaval\u201d. Diversas personalidades marcaram presen\u00e7a no desfile da agremia\u00e7\u00e3o. Toquinho, amigo do homenageado e que cantou o samba, Hel\u00f4 Pinheiro, a \u201cgarota de Ipanema\u201d e [&hellip;]<\/p>\n","protected":false},"author":1,"featured_media":0,"comment_status":"open","ping_status":"open","sticky":false,"template":"","format":"standard","meta":{"footnotes":""},"categories":[6],"tags":[16],"class_list":["post-175","post","type-post","status-publish","format-standard","hentry","category-noticias","tag-ilha-do-governador"],"_links":{"self":[{"href":"https:\/\/www.encontrailhadogovernador.com.br\/noticias\/wp-json\/wp\/v2\/posts\/175","targetHints":{"allow":["GET"]}}],"collection":[{"href":"https:\/\/www.encontrailhadogovernador.com.br\/noticias\/wp-json\/wp\/v2\/posts"}],"about":[{"href":"https:\/\/www.encontrailhadogovernador.com.br\/noticias\/wp-json\/wp\/v2\/types\/post"}],"author":[{"embeddable":true,"href":"https:\/\/www.encontrailhadogovernador.com.br\/noticias\/wp-json\/wp\/v2\/users\/1"}],"replies":[{"embeddable":true,"href":"https:\/\/www.encontrailhadogovernador.com.br\/noticias\/wp-json\/wp\/v2\/comments?post=175"}],"version-history":[{"count":3,"href":"https:\/\/www.encontrailhadogovernador.com.br\/noticias\/wp-json\/wp\/v2\/posts\/175\/revisions"}],"predecessor-version":[{"id":177,"href":"https:\/\/www.encontrailhadogovernador.com.br\/noticias\/wp-json\/wp\/v2\/posts\/175\/revisions\/177"}],"wp:attachment":[{"href":"https:\/\/www.encontrailhadogovernador.com.br\/noticias\/wp-json\/wp\/v2\/media?parent=175"}],"wp:term":[{"taxonomy":"category","embeddable":true,"href":"https:\/\/www.encontrailhadogovernador.com.br\/noticias\/wp-json\/wp\/v2\/categories?post=175"},{"taxonomy":"post_tag","embeddable":true,"href":"https:\/\/www.encontrailhadogovernador.com.br\/noticias\/wp-json\/wp\/v2\/tags?post=175"}],"curies":[{"name":"wp","href":"https:\/\/api.w.org\/{rel}","templated":true}]}}