{"id":172,"date":"2013-02-11T00:11:38","date_gmt":"2013-02-11T00:11:38","guid":{"rendered":"http:\/\/www.encontrailhadogovernador.com.br\/noticias\/?p=172"},"modified":"2013-08-15T16:08:50","modified_gmt":"2013-08-15T16:08:50","slug":"policia-prende-dois-suspeitos-de-estelionato-na-ilha-do-governador","status":"publish","type":"post","link":"https:\/\/www.encontrailhadogovernador.com.br\/noticias\/policia-prende-dois-suspeitos-de-estelionato-na-ilha-do-governador\/","title":{"rendered":"Pol\u00edcia prende dois suspeitos de estelionato na Ilha do Governador"},"content":{"rendered":"<p>Policiais da 37\u00aa Delegacia de Pol\u00edcia da cidade de Ilha do Governador prenderam em flagrante, na manh\u00e3 desta quinta-feira, dois acusados por estelionato numa ag\u00eancia banc\u00e1ria do bairro Jardim Guanabara. Anderson Aquino Ven\u00e2ncio, de 29 anos, e o angolano Morais Domingos Eduardo da Costa, de 32, estavam tentando abrir uma conta, mas foram detectados como suspeitos pelos seguran\u00e7as do estabelecimento, que acionaram as autoridades.<\/p>\n<p>O caso est\u00e1 relacionado a v\u00e1rios sequestros-rel\u00e2mpago na regi\u00e3o da Ilha. A investiga\u00e7\u00e3o policial apontou que parte do dinheiro oriundo dos roubos era depositada em contas banc\u00e1rias no nome de laranjas, atrav\u00e9s de documenta\u00e7\u00e3o falsa emitida por uma quadrilha que age no Complexo da Mar\u00e9.<\/p>\n<p>Os dois presos seriam membros deste segundo grupo criminoso.<\/p>\n<p><em>Fonte: Jornal Extra<\/em><\/p>\n","protected":false},"excerpt":{"rendered":"<p>Policiais da 37\u00aa Delegacia de Pol\u00edcia da cidade de Ilha do Governador prenderam em flagrante, na manh\u00e3 desta quinta-feira, dois acusados por estelionato numa ag\u00eancia banc\u00e1ria do bairro Jardim Guanabara. Anderson Aquino Ven\u00e2ncio, de 29 anos, e o angolano Morais Domingos Eduardo da Costa, de 32, estavam tentando abrir uma conta, mas foram detectados como [&hellip;]<\/p>\n","protected":false},"author":1,"featured_media":0,"comment_status":"open","ping_status":"open","sticky":false,"template":"","format":"standard","meta":{"footnotes":""},"categories":[6],"tags":[16],"class_list":["post-172","post","type-post","status-publish","format-standard","hentry","category-noticias","tag-ilha-do-governador"],"_links":{"self":[{"href":"https:\/\/www.encontrailhadogovernador.com.br\/noticias\/wp-json\/wp\/v2\/posts\/172","targetHints":{"allow":["GET"]}}],"collection":[{"href":"https:\/\/www.encontrailhadogovernador.com.br\/noticias\/wp-json\/wp\/v2\/posts"}],"about":[{"href":"https:\/\/www.encontrailhadogovernador.com.br\/noticias\/wp-json\/wp\/v2\/types\/post"}],"author":[{"embeddable":true,"href":"https:\/\/www.encontrailhadogovernador.com.br\/noticias\/wp-json\/wp\/v2\/users\/1"}],"replies":[{"embeddable":true,"href":"https:\/\/www.encontrailhadogovernador.com.br\/noticias\/wp-json\/wp\/v2\/comments?post=172"}],"version-history":[{"count":3,"href":"https:\/\/www.encontrailhadogovernador.com.br\/noticias\/wp-json\/wp\/v2\/posts\/172\/revisions"}],"predecessor-version":[{"id":174,"href":"https:\/\/www.encontrailhadogovernador.com.br\/noticias\/wp-json\/wp\/v2\/posts\/172\/revisions\/174"}],"wp:attachment":[{"href":"https:\/\/www.encontrailhadogovernador.com.br\/noticias\/wp-json\/wp\/v2\/media?parent=172"}],"wp:term":[{"taxonomy":"category","embeddable":true,"href":"https:\/\/www.encontrailhadogovernador.com.br\/noticias\/wp-json\/wp\/v2\/categories?post=172"},{"taxonomy":"post_tag","embeddable":true,"href":"https:\/\/www.encontrailhadogovernador.com.br\/noticias\/wp-json\/wp\/v2\/tags?post=172"}],"curies":[{"name":"wp","href":"https:\/\/api.w.org\/{rel}","templated":true}]}}