{"id":159,"date":"2013-01-29T00:46:46","date_gmt":"2013-01-29T00:46:46","guid":{"rendered":"http:\/\/www.encontrailhadogovernador.com.br\/noticias\/?p=159"},"modified":"2013-08-15T16:08:51","modified_gmt":"2013-08-15T16:08:51","slug":"homens-armados-assaltam-motoristas-na-ilha-do-governador","status":"publish","type":"post","link":"https:\/\/www.encontrailhadogovernador.com.br\/noticias\/homens-armados-assaltam-motoristas-na-ilha-do-governador\/","title":{"rendered":"Homens armados assaltam motoristas na Ilha do Governador"},"content":{"rendered":"<p>Quatro homens armados em duas motos assaltaram seis motoristas na Estrada das Can\u00e1rias, na Ilha do Governador, na madrugada desta segunda-feira. Os ladr\u00f5es interromperam o tr\u00e2nsito no local e renderam as v\u00edtimas que passavam pela via. Os marginais roubaram pertences,dinheiro e celulares.<\/p>\n<p>Os assaltantes fugiram. De acordo com os policiais do17\u00ba BPM (Ilha), o roubo aconteceu por volta de 1h30. As v\u00edtimas registraram o caso na 37\u00aa DP (Ilha).<\/p>\n<p><em>Fonte: O Dia<\/em><\/p>\n","protected":false},"excerpt":{"rendered":"<p>Quatro homens armados em duas motos assaltaram seis motoristas na Estrada das Can\u00e1rias, na Ilha do Governador, na madrugada desta segunda-feira. Os ladr\u00f5es interromperam o tr\u00e2nsito no local e renderam as v\u00edtimas que passavam pela via. Os marginais roubaram pertences,dinheiro e celulares. Os assaltantes fugiram. De acordo com os policiais do17\u00ba BPM (Ilha), o roubo [&hellip;]<\/p>\n","protected":false},"author":1,"featured_media":0,"comment_status":"open","ping_status":"open","sticky":false,"template":"","format":"standard","meta":{"footnotes":""},"categories":[6],"tags":[16],"class_list":["post-159","post","type-post","status-publish","format-standard","hentry","category-noticias","tag-ilha-do-governador"],"_links":{"self":[{"href":"https:\/\/www.encontrailhadogovernador.com.br\/noticias\/wp-json\/wp\/v2\/posts\/159","targetHints":{"allow":["GET"]}}],"collection":[{"href":"https:\/\/www.encontrailhadogovernador.com.br\/noticias\/wp-json\/wp\/v2\/posts"}],"about":[{"href":"https:\/\/www.encontrailhadogovernador.com.br\/noticias\/wp-json\/wp\/v2\/types\/post"}],"author":[{"embeddable":true,"href":"https:\/\/www.encontrailhadogovernador.com.br\/noticias\/wp-json\/wp\/v2\/users\/1"}],"replies":[{"embeddable":true,"href":"https:\/\/www.encontrailhadogovernador.com.br\/noticias\/wp-json\/wp\/v2\/comments?post=159"}],"version-history":[{"count":4,"href":"https:\/\/www.encontrailhadogovernador.com.br\/noticias\/wp-json\/wp\/v2\/posts\/159\/revisions"}],"predecessor-version":[{"id":393,"href":"https:\/\/www.encontrailhadogovernador.com.br\/noticias\/wp-json\/wp\/v2\/posts\/159\/revisions\/393"}],"wp:attachment":[{"href":"https:\/\/www.encontrailhadogovernador.com.br\/noticias\/wp-json\/wp\/v2\/media?parent=159"}],"wp:term":[{"taxonomy":"category","embeddable":true,"href":"https:\/\/www.encontrailhadogovernador.com.br\/noticias\/wp-json\/wp\/v2\/categories?post=159"},{"taxonomy":"post_tag","embeddable":true,"href":"https:\/\/www.encontrailhadogovernador.com.br\/noticias\/wp-json\/wp\/v2\/tags?post=159"}],"curies":[{"name":"wp","href":"https:\/\/api.w.org\/{rel}","templated":true}]}}