{"id":123,"date":"2012-12-12T00:50:38","date_gmt":"2012-12-12T00:50:38","guid":{"rendered":"http:\/\/www.encontrailhadogovernador.com.br\/noticias\/?p=123"},"modified":"2013-08-15T16:08:50","modified_gmt":"2013-08-15T16:08:50","slug":"voos-de-tres-companhias-mudam-de-terminal-para-obras-no-galeao-na-ilha-do-governador","status":"publish","type":"post","link":"https:\/\/www.encontrailhadogovernador.com.br\/noticias\/voos-de-tres-companhias-mudam-de-terminal-para-obras-no-galeao-na-ilha-do-governador\/","title":{"rendered":"Voos de tr\u00eas companhias mudam de terminal para obras no Gale\u00e3o na Ilha do Governador"},"content":{"rendered":"<p>Os voos de tr\u00eas companhias a\u00e9reas, Delta Airlines, American Airlines e TAAG, ser\u00e3o transferidos do Terminal 1 do Aeroporto Internacional Tom Jobim (Gale\u00e3o), na Ilha do Governador, para o Terminal 2, a partir do dia 18, segundo informou o ministro-chefe da Secretaria de Avia\u00e7\u00e3o Civil (SAC), Wagner Bittencourt na \u00faltima segunda-feira (10).<\/p>\n<p>De acordo com a ANAC, a medida \u00e9 necess\u00e1ria para que seja feita a obra de moderniza\u00e7\u00e3o do Terminal 1 at\u00e9 a Copa do Mundo, em 2014.<\/p>\n<p>\u201cN\u00e3o temos alternativa. Faremos no dia 18 e com toda seguran\u00e7a porque o Terminal 2 \u00e9 um local que tem toda qualidade, investimentos modernos e ilhas de check-in. Est\u00e1 tudo planejado com a Pol\u00edcia Federal e a Receita Federal. N\u00e3o haver\u00e1 nenhum problema, mas teremos no dia 21, uma reuni\u00e3o da Infraero com as empresas de transporte a\u00e9reo. Nesse caso, vai sair do Terminal 1 por necessidade de fazer essa obra, para que ele fique pronto para a Copa do Mundo\u201d, afirmou o ministro.<\/p>\n<p><strong>Embarque e desembarque<\/strong><br \/>\nAinda de acordo com Wagner Bittencourt, a transfer\u00eancia ser\u00e1 tanto de embarque quanto no desembarque.<\/p>\n<p>\u201cPrecisamos fazer isso agora para que a gente possa atender as companhias a\u00e9reas e os nossos passageiros. N\u00f3s estamos fazendo uma interven\u00e7\u00e3o muito grande em todo o Gale\u00e3o. Come\u00e7ou no segundo semestre um investimento para modernizar todo o Terminal 1. At\u00e9 o ano que vem, teremos todo o Terminal 2 conclu\u00eddo\u201d, completou Bittencourt.<\/p>\n<p><strong>Estacionamento<\/strong><br \/>\nOutra mudan\u00e7a prevista para o Aeroporto Internacional Tom Jobim \u00e9 o aumento de vagas de estacionamento atrav\u00e9s de concess\u00e3o. \u201cA Infraero j\u00e1 aumentou as vagas do estacionamento. \u00c9 um problema cr\u00edtico que a gente sabe existe. Outra possibilidade \u00e9 a Infraero fazer a concess\u00e3o do estacionamento. Isso poder\u00e1 acontecer esse ano\u201d, concluiu o ministro.<\/p>\n<p><em>Fonte: G1<\/em><\/p>\n","protected":false},"excerpt":{"rendered":"<p>Os voos de tr\u00eas companhias a\u00e9reas, Delta Airlines, American Airlines e TAAG, ser\u00e3o transferidos do Terminal 1 do Aeroporto Internacional Tom Jobim (Gale\u00e3o), na Ilha do Governador, para o Terminal 2, a partir do dia 18, segundo informou o ministro-chefe da Secretaria de Avia\u00e7\u00e3o Civil (SAC), Wagner Bittencourt na \u00faltima segunda-feira (10). De acordo com [&hellip;]<\/p>\n","protected":false},"author":1,"featured_media":0,"comment_status":"open","ping_status":"open","sticky":false,"template":"","format":"standard","meta":{"footnotes":""},"categories":[6],"tags":[16],"class_list":["post-123","post","type-post","status-publish","format-standard","hentry","category-noticias","tag-ilha-do-governador"],"_links":{"self":[{"href":"https:\/\/www.encontrailhadogovernador.com.br\/noticias\/wp-json\/wp\/v2\/posts\/123","targetHints":{"allow":["GET"]}}],"collection":[{"href":"https:\/\/www.encontrailhadogovernador.com.br\/noticias\/wp-json\/wp\/v2\/posts"}],"about":[{"href":"https:\/\/www.encontrailhadogovernador.com.br\/noticias\/wp-json\/wp\/v2\/types\/post"}],"author":[{"embeddable":true,"href":"https:\/\/www.encontrailhadogovernador.com.br\/noticias\/wp-json\/wp\/v2\/users\/1"}],"replies":[{"embeddable":true,"href":"https:\/\/www.encontrailhadogovernador.com.br\/noticias\/wp-json\/wp\/v2\/comments?post=123"}],"version-history":[{"count":2,"href":"https:\/\/www.encontrailhadogovernador.com.br\/noticias\/wp-json\/wp\/v2\/posts\/123\/revisions"}],"predecessor-version":[{"id":373,"href":"https:\/\/www.encontrailhadogovernador.com.br\/noticias\/wp-json\/wp\/v2\/posts\/123\/revisions\/373"}],"wp:attachment":[{"href":"https:\/\/www.encontrailhadogovernador.com.br\/noticias\/wp-json\/wp\/v2\/media?parent=123"}],"wp:term":[{"taxonomy":"category","embeddable":true,"href":"https:\/\/www.encontrailhadogovernador.com.br\/noticias\/wp-json\/wp\/v2\/categories?post=123"},{"taxonomy":"post_tag","embeddable":true,"href":"https:\/\/www.encontrailhadogovernador.com.br\/noticias\/wp-json\/wp\/v2\/tags?post=123"}],"curies":[{"name":"wp","href":"https:\/\/api.w.org\/{rel}","templated":true}]}}