{"id":104,"date":"2012-11-14T00:37:07","date_gmt":"2012-11-14T00:37:07","guid":{"rendered":"http:\/\/www.encontrailhadogovernador.com.br\/noticias\/?p=104"},"modified":"2013-08-15T16:08:49","modified_gmt":"2013-08-15T16:08:49","slug":"inscricoes-abertas-para-auto-de-natal-na-ilha-do-governador","status":"publish","type":"post","link":"https:\/\/www.encontrailhadogovernador.com.br\/noticias\/inscricoes-abertas-para-auto-de-natal-na-ilha-do-governador\/","title":{"rendered":"Inscri\u00e7\u00f5es abertas para Auto de Natal na Ilha do Governador"},"content":{"rendered":"<p>A professora de teatro Myrian Stanchi est\u00e1 selecionando crian\u00e7as e jovens de 8 a 16 anos que queiram participar da encena\u00e7\u00e3o do Auto de Natal. As inscri\u00e7\u00f5es acontecem na Biblioteca Popular Municipal da Ilha do Governador Euclides da Cunha, que fica na Pra\u00e7a Dana\u00eddes s\/n\u00ba, no Cocot\u00e1, aos s\u00e1bados, das 13h \u00e0s 16h. A atividade \u00e9 gratuita. Mais informa\u00e7\u00f5es com a organiza\u00e7\u00e3o pelo telefone 3368-7797.<\/p>\n<p><em>Fonte: O Globo<\/em><\/p>\n","protected":false},"excerpt":{"rendered":"<p>A professora de teatro Myrian Stanchi est\u00e1 selecionando crian\u00e7as e jovens de 8 a 16 anos que queiram participar da encena\u00e7\u00e3o do Auto de Natal. As inscri\u00e7\u00f5es acontecem na Biblioteca Popular Municipal da Ilha do Governador Euclides da Cunha, que fica na Pra\u00e7a Dana\u00eddes s\/n\u00ba, no Cocot\u00e1, aos s\u00e1bados, das 13h \u00e0s 16h. A atividade [&hellip;]<\/p>\n","protected":false},"author":1,"featured_media":0,"comment_status":"open","ping_status":"open","sticky":false,"template":"","format":"standard","meta":{"footnotes":""},"categories":[6],"tags":[16],"class_list":["post-104","post","type-post","status-publish","format-standard","hentry","category-noticias","tag-ilha-do-governador"],"_links":{"self":[{"href":"https:\/\/www.encontrailhadogovernador.com.br\/noticias\/wp-json\/wp\/v2\/posts\/104","targetHints":{"allow":["GET"]}}],"collection":[{"href":"https:\/\/www.encontrailhadogovernador.com.br\/noticias\/wp-json\/wp\/v2\/posts"}],"about":[{"href":"https:\/\/www.encontrailhadogovernador.com.br\/noticias\/wp-json\/wp\/v2\/types\/post"}],"author":[{"embeddable":true,"href":"https:\/\/www.encontrailhadogovernador.com.br\/noticias\/wp-json\/wp\/v2\/users\/1"}],"replies":[{"embeddable":true,"href":"https:\/\/www.encontrailhadogovernador.com.br\/noticias\/wp-json\/wp\/v2\/comments?post=104"}],"version-history":[{"count":2,"href":"https:\/\/www.encontrailhadogovernador.com.br\/noticias\/wp-json\/wp\/v2\/posts\/104\/revisions"}],"predecessor-version":[{"id":360,"href":"https:\/\/www.encontrailhadogovernador.com.br\/noticias\/wp-json\/wp\/v2\/posts\/104\/revisions\/360"}],"wp:attachment":[{"href":"https:\/\/www.encontrailhadogovernador.com.br\/noticias\/wp-json\/wp\/v2\/media?parent=104"}],"wp:term":[{"taxonomy":"category","embeddable":true,"href":"https:\/\/www.encontrailhadogovernador.com.br\/noticias\/wp-json\/wp\/v2\/categories?post=104"},{"taxonomy":"post_tag","embeddable":true,"href":"https:\/\/www.encontrailhadogovernador.com.br\/noticias\/wp-json\/wp\/v2\/tags?post=104"}],"curies":[{"name":"wp","href":"https:\/\/api.w.org\/{rel}","templated":true}]}}